{"id":12440,"date":"2025-04-08T11:12:03","date_gmt":"2025-04-08T09:12:03","guid":{"rendered":"https:\/\/cellercornudella.cat\/ven-a-conocernos\/"},"modified":"2025-05-16T17:45:43","modified_gmt":"2025-05-16T15:45:43","slug":"ven-a-conocernos","status":"publish","type":"post","link":"https:\/\/cellercornudella.cat\/es\/ven-a-conocernos\/","title":{"rendered":"\u00a1Ven a conocernos!"},"content":{"rendered":"<p>[et_pb_section fb_built=\u00bb1&#8243; _builder_version=\u00bb4.27.4&#8243; _module_preset=\u00bbdefault\u00bb custom_padding=\u00bb||0px|||\u00bb global_colors_info=\u00bb{}\u00bb][et_pb_row column_structure=\u00bb1_2,1_2&#8243; _builder_version=\u00bb4.27.4&#8243; _module_preset=\u00bbdefault\u00bb global_colors_info=\u00bb{}\u00bb][et_pb_column type=\u00bb1_2&#8243; _builder_version=\u00bb4.27.4&#8243; _module_preset=\u00bbdefault\u00bb global_colors_info=\u00bb{}\u00bb][et_pb_image src=\u00bbhttps:\/\/cellercornudella.cat\/wp-content\/uploads\/2024\/02\/visita_2024_1.jpg\u00bb title_text=\u00bbvisita_2024_1&#8243; _builder_version=\u00bb4.27.4&#8243; _module_preset=\u00bbdefault\u00bb global_colors_info=\u00bb{}\u00bb][\/et_pb_image][\/et_pb_column][et_pb_column type=\u00bb1_2&#8243; _builder_version=\u00bb4.27.4&#8243; _module_preset=\u00bbdefault\u00bb global_colors_info=\u00bb{}\u00bb][et_pb_text admin_label=\u00bbtext promo\u00bb _builder_version=\u00bb4.27.4&#8243; _module_preset=\u00bbdefault\u00bb global_colors_info=\u00bb{}\u00bb]<\/p>\n<p class=\"\" data-start=\"92\" data-end=\"148\"><span style=\"color: #000000;\"><strong data-start=\"92\" data-end=\"148\">\ud83c\udf77 Ven a la Bodega y Te Invitamos a una Copa de Vino! \ud83c\udf77<\/strong><\/span><\/p>\n<p class=\"\" data-start=\"150\" data-end=\"212\"><span style=\"color: #000000;\">\u00bfTe gustar\u00eda disfrutar de un buen vino del Montsant en un entorno \u00fanico?<\/span><\/p>\n<p class=\"\" data-start=\"214\" data-end=\"360\"><span style=\"color: #000000;\">Trae tu tarjet\u00f3n de promoci\u00f3n a la tienda de la <strong data-start=\"263\" data-end=\"298\">Bodega Cooperativa de Cornudella<\/strong> y te invitamos a una copa de vino para celebrarlo con nosotros!<\/span><\/p>\n<p class=\"\" data-start=\"362\" data-end=\"463\"><span style=\"color: #000000;\">Descubre nuestros vinos, la historia de la bodega modernista y el gusto aut\u00e9ntico de nuestra tierra.<\/span><\/p>\n<p>[\/et_pb_text][\/et_pb_column][\/et_pb_row][et_pb_row _builder_version=\u00bb4.27.4&#8243; _module_preset=\u00bbdefault\u00bb global_colors_info=\u00bb{}\u00bb][et_pb_column type=\u00bb4_4&#8243; _builder_version=\u00bb4.27.4&#8243; _module_preset=\u00bbdefault\u00bb global_colors_info=\u00bb{}\u00bb][et_pb_text _builder_version=\u00bb4.27.4&#8243; _module_preset=\u00bbdefault\u00bb text_font=\u00bb||on||||||\u00bb text_font_size=\u00bb24px\u00bb global_colors_info=\u00bb{}\u00bb]<\/p>\n<p style=\"text-align: center;\"><span style=\"color: #800000;\">Y si te quedas con ganas de m\u00e1s&#8230; \u00a1no dejes escapar la oportunidad de disfrutar de una de <a style=\"color: #800000;\" href=\"https:\/\/cellercornudella.cat\/es\/enoturismo\/\">nuestras experiencias<\/a> !<\/span><\/p>\n<p>[\/et_pb_text][\/et_pb_column][\/et_pb_row][\/et_pb_section][et_pb_section fb_built=\u00bb1&#8243; _builder_version=\u00bb4.27.4&#8243; _module_preset=\u00bbdefault\u00bb min_height=\u00bb373.4px\u00bb custom_margin=\u00bb||0px||false|false\u00bb custom_padding=\u00bb0px||0px||false|false\u00bb global_colors_info=\u00bb{}\u00bb][et_pb_row column_structure=\u00bb1_3,1_3,1_3&#8243; _builder_version=\u00bb4.27.4&#8243; _module_preset=\u00bbdefault\u00bb min_height=\u00bb271.4px\u00bb global_colors_info=\u00bb{}\u00bb][et_pb_column type=\u00bb1_3&#8243; _builder_version=\u00bb4.27.4&#8243; _module_preset=\u00bbdefault\u00bb global_colors_info=\u00bb{}\u00bb][et_pb_blurb title=\u00bb\u00bfD\u00f3nde estamos?\u00bb use_icon=\u00bbon\u00bb font_icon=\u00bb&#xf3c5;||fa||900&#8243; image_icon_width=\u00bb53px\u00bb admin_label=\u00bbon som\u00bb _builder_version=\u00bb4.27.4&#8243; _module_preset=\u00bbdefault\u00bb header_text_align=\u00bbcenter\u00bb global_colors_info=\u00bb{}\u00bb]<\/p>\n<p style=\"text-align: center;\"><span style=\"color: #000000;\">Bodega Cooperativa de Cornudella de Montsant<\/span><br \/> <span style=\"color: #000000;\">c\/Conde de Rius, 2<\/span><br \/> <span style=\"color: #000000;\">43360 Cornudella de Montsant<br \/> Tel\u00e9fono: 977821329<\/span><br \/> <span style=\"color: #3366ff;\"><a style=\"color: #3366ff;\" href=\"https:\/\/maps.app.goo.gl\/8uyUzr9Xen8p1Yh38\">&gt;&gt;Clika aqu\u00ed para obtener el enlace a GoogleMaps&lt;&lt;<\/a><\/span><\/p>\n<p>[\/et_pb_blurb][\/et_pb_column][et_pb_column type=\u00bb1_3&#8243; _builder_version=\u00bb4.27.4&#8243; _module_preset=\u00bbdefault\u00bb global_colors_info=\u00bb{}\u00bb][et_pb_blurb title=\u00bbHorario\u00bb use_icon=\u00bbon\u00bb font_icon=\u00bb&#xe06b;||divi||400&#8243; image_icon_width=\u00bb53px\u00bb admin_label=\u00bbhorari\u00bb _builder_version=\u00bb4.27.4&#8243; _module_preset=\u00bbdefault\u00bb header_text_align=\u00bbcenter\u00bb global_colors_info=\u00bb{}\u00bb]<\/p>\n<p style=\"text-align: center;\"><strong><span style=\"color: #000000;\">INVIERNO<\/span><\/strong><br \/><span style=\"color: #000000;\">De lunes a viernes: de 9 a 13 y de 15 a 19.<\/span><br \/><span style=\"color: #000000;\">S\u00e1bados: de 10 a 14 y de 16 a 19:30<\/span><br \/><span style=\"color: #000000;\">Domingos y festivos: de 10 a 14:30<\/span><br \/><strong><span style=\"color: #000000;\">VERANO  <\/span><\/strong><br \/><span style=\"color: #000000;\">De lunes a viernes de 10 a 14 y de 16 a 20<\/span><br \/><span style=\"color: #000000;\">S\u00e1bados de 10 a 14 y de 16 a 19:30<\/span><br \/><span style=\"color: #000000;\">Domingos y festivos de 10 a 14:30<\/span><\/p>\n<p>[\/et_pb_blurb][\/et_pb_column][et_pb_column type=\u00bb1_3&#8243; _builder_version=\u00bb4.27.4&#8243; _module_preset=\u00bbdefault\u00bb global_colors_info=\u00bb{}\u00bb][et_pb_blurb title=\u00bb\u00a1Importante!\u00bb use_icon=\u00bbon\u00bb font_icon=\u00bb&#xf12a;||fa||900&#8243; image_icon_width=\u00bb53px\u00bb admin_label=\u00bbCONDICIONS\u00bb _builder_version=\u00bb4.27.4&#8243; _module_preset=\u00bbdefault\u00bb header_text_align=\u00bbcenter\u00bb global_colors_info=\u00bb{}\u00bb]<\/p>\n<p style=\"text-align: center;\"><span style=\"color: #000000;\">Solo para mayores de 18 a\u00f1os.<br \/> <span style=\"color: #000000;\">Promoci\u00f3n v\u00e1lida hasta el 31 de agosto de 2025.<br \/><\/span> Promoci\u00f3n v\u00e1lida s\u00f3lo con la presentaci\u00f3n del tarjet\u00f3n en la tienda de la bodega.<\/span><\/p>\n<p>&nbsp;<\/p>\n<p>[\/et_pb_blurb][\/et_pb_column][\/et_pb_row][\/et_pb_section][et_pb_section fb_built=\u00bb1&#8243; disabled_on=\u00bbon|on|on\u00bb admin_label=\u00bbAQUESTS SON ELS NOSTRES VINS\u00bb _builder_version=\u00bb4.27.4&#8243; _module_preset=\u00bbdefault\u00bb custom_margin=\u00bb0px||0px||false|false\u00bb custom_padding=\u00bb0px||0px||false|false\u00bb disabled=\u00bbon\u00bb global_colors_info=\u00bb{}\u00bb][et_pb_row admin_label=\u00bbESTOS SON NUESTROS VINOS\u00bb _builder_version=\u00bb4.27.4&#8243; _module_preset=\u00bbdefault\u00bb global_colors_info=\u00bb{}\u00bb][et_pb_column type=\u00bb4_4&#8243; _builder_version=\u00bb4.27.4&#8243; _module_preset=\u00bbdefault\u00bb global_colors_info=\u00bb{}\u00bb][et_pb_text _builder_version=\u00bb4.27.4&#8243; _module_preset=\u00bbdefault\u00bb border_width_bottom=\u00bb2px\u00bb global_colors_info=\u00bb{}\u00bb]<\/p>\n<h4 style=\"text-align: center;\"><strong>ESTOS SON NUESTROS VINOS<\/strong><\/h4>\n<p>[\/et_pb_text][\/et_pb_column][\/et_pb_row][et_pb_row admin_label=\u00bbCARRUSEL CON LOS PRODUCTOS\u00bb _builder_version=\u00bb4.27.4&#8243; _module_preset=\u00bbdefault\u00bb global_colors_info=\u00bb{}\u00bb][et_pb_column type=\u00bb4_4&#8243; _builder_version=\u00bb4.27.4&#8243; _module_preset=\u00bbdefault\u00bb global_colors_info=\u00bb{}\u00bb][\/et_pb_column][\/et_pb_row][\/et_pb_section]<\/p>\n","protected":false},"excerpt":{"rendered":"<p>\ud83c\udf77 Ven a la Bodega y Te Invitamos a una Copa de Vino! \ud83c\udf77 \u00bfTe gustar\u00eda disfrutar de un buen vino del Montsant en un entorno \u00fanico? Trae tu tarjet\u00f3n de promoci\u00f3n a la tienda de la Bodega Cooperativa de Cornudella y te invitamos a una copa de vino para celebrarlo con nosotros! Descubre nuestros [&hellip;]<\/p>\n","protected":false},"author":18,"featured_media":0,"comment_status":"closed","ping_status":"closed","sticky":false,"template":"","format":"standard","meta":{"_acf_changed":false,"_et_pb_use_builder":"on","_et_pb_old_content":"","_et_gb_content_width":"","footnotes":""},"categories":[16],"tags":[],"class_list":["post-12440","post","type-post","status-publish","format-standard","hentry","category-sin-categorizar"],"acf":[],"_links":{"self":[{"href":"https:\/\/cellercornudella.cat\/es\/wp-json\/wp\/v2\/posts\/12440","targetHints":{"allow":["GET"]}}],"collection":[{"href":"https:\/\/cellercornudella.cat\/es\/wp-json\/wp\/v2\/posts"}],"about":[{"href":"https:\/\/cellercornudella.cat\/es\/wp-json\/wp\/v2\/types\/post"}],"author":[{"embeddable":true,"href":"https:\/\/cellercornudella.cat\/es\/wp-json\/wp\/v2\/users\/18"}],"replies":[{"embeddable":true,"href":"https:\/\/cellercornudella.cat\/es\/wp-json\/wp\/v2\/comments?post=12440"}],"version-history":[{"count":3,"href":"https:\/\/cellercornudella.cat\/es\/wp-json\/wp\/v2\/posts\/12440\/revisions"}],"predecessor-version":[{"id":12453,"href":"https:\/\/cellercornudella.cat\/es\/wp-json\/wp\/v2\/posts\/12440\/revisions\/12453"}],"wp:attachment":[{"href":"https:\/\/cellercornudella.cat\/es\/wp-json\/wp\/v2\/media?parent=12440"}],"wp:term":[{"taxonomy":"category","embeddable":true,"href":"https:\/\/cellercornudella.cat\/es\/wp-json\/wp\/v2\/categories?post=12440"},{"taxonomy":"post_tag","embeddable":true,"href":"https:\/\/cellercornudella.cat\/es\/wp-json\/wp\/v2\/tags?post=12440"}],"curies":[{"name":"wp","href":"https:\/\/api.w.org\/{rel}","templated":true}]}}